{"id":1147,"date":"2025-04-30T19:30:36","date_gmt":"2025-04-30T17:30:36","guid":{"rendered":"https:\/\/asgolfcdi.fr\/?p=1147"},"modified":"2025-04-30T21:08:00","modified_gmt":"2025-04-30T19:08:00","slug":"nos-equipes-a-lhonneur","status":"publish","type":"post","link":"https:\/\/asgolfcdi.fr\/?p=1147","title":{"rendered":"Nos \u00e9quipes \u00e0 l&rsquo;honneur"},"content":{"rendered":"\n<p>Le week-end dernier se tenaient deux comp\u00e9titions par \u00e9quipe.<\/p>\n\n\n\n<p>Les <strong>f\u00e9minines<\/strong> ont r\u00e9ussi une superbe performance puisqu&rsquo;elles montent en 2nde division apr\u00e8s avoir termin\u00e9 deuxi\u00e8mes de la premi\u00e8re journ\u00e9e, derri\u00e8re l&rsquo;\u00e9quipe de Vire.<\/p>\n\n\n\n<p>Bravo \u00e0 B\u00e9atrice, R\u00e9gine, Marielle, Am\u00e9lie, Anne, Marie (Capitaine), Caroline, Annette et Virginie.<\/p>\n\n\n\n<div class=\"wp-block-columns is-layout-flex wp-container-core-columns-is-layout-9d6595d7 wp-block-columns-is-layout-flex\">\n<div class=\"wp-block-column is-layout-flow wp-block-column-is-layout-flow\" style=\"flex-basis:100%\">\n<figure class=\"wp-block-gallery has-nested-images columns-default is-cropped wp-block-gallery-1 is-layout-flex wp-block-gallery-is-layout-flex\">\n<figure class=\"wp-block-image size-large\"><img loading=\"lazy\" decoding=\"async\" width=\"768\" height=\"1024\" data-id=\"1148\" src=\"https:\/\/asgolfcdi.fr\/wp-content\/uploads\/2025\/04\/44d94675-36e2-4b91-8f72-f29128030ec4-768x1024.jpg\" alt=\"\" class=\"wp-image-1148\" srcset=\"https:\/\/asgolfcdi.fr\/wp-content\/uploads\/2025\/04\/44d94675-36e2-4b91-8f72-f29128030ec4-768x1024.jpg 768w, https:\/\/asgolfcdi.fr\/wp-content\/uploads\/2025\/04\/44d94675-36e2-4b91-8f72-f29128030ec4-225x300.jpg 225w, https:\/\/asgolfcdi.fr\/wp-content\/uploads\/2025\/04\/44d94675-36e2-4b91-8f72-f29128030ec4-1152x1536.jpg 1152w, https:\/\/asgolfcdi.fr\/wp-content\/uploads\/2025\/04\/44d94675-36e2-4b91-8f72-f29128030ec4.jpg 1500w\" sizes=\"auto, (max-width: 768px) 100vw, 768px\" \/><\/figure>\n\n\n\n<figure class=\"wp-block-image size-large\"><img loading=\"lazy\" decoding=\"async\" width=\"768\" height=\"1024\" data-id=\"1150\" src=\"https:\/\/asgolfcdi.fr\/wp-content\/uploads\/2025\/04\/e22148f2-1cba-45e2-86ae-e43ade83774f-768x1024.jpeg\" alt=\"\" class=\"wp-image-1150\" srcset=\"https:\/\/asgolfcdi.fr\/wp-content\/uploads\/2025\/04\/e22148f2-1cba-45e2-86ae-e43ade83774f-768x1024.jpeg 768w, https:\/\/asgolfcdi.fr\/wp-content\/uploads\/2025\/04\/e22148f2-1cba-45e2-86ae-e43ade83774f-225x300.jpeg 225w, https:\/\/asgolfcdi.fr\/wp-content\/uploads\/2025\/04\/e22148f2-1cba-45e2-86ae-e43ade83774f-1152x1536.jpeg 1152w, https:\/\/asgolfcdi.fr\/wp-content\/uploads\/2025\/04\/e22148f2-1cba-45e2-86ae-e43ade83774f.jpeg 1200w\" sizes=\"auto, (max-width: 768px) 100vw, 768px\" \/><\/figure>\n\n\n\n<figure class=\"wp-block-image size-large\"><img loading=\"lazy\" decoding=\"async\" width=\"1024\" height=\"768\" data-id=\"1155\" src=\"https:\/\/asgolfcdi.fr\/wp-content\/uploads\/2025\/04\/WhatsApp-Image-2025-04-30-at-20.03.15-1024x768.jpeg\" alt=\"\" class=\"wp-image-1155\" srcset=\"https:\/\/asgolfcdi.fr\/wp-content\/uploads\/2025\/04\/WhatsApp-Image-2025-04-30-at-20.03.15-1024x768.jpeg 1024w, https:\/\/asgolfcdi.fr\/wp-content\/uploads\/2025\/04\/WhatsApp-Image-2025-04-30-at-20.03.15-300x225.jpeg 300w, https:\/\/asgolfcdi.fr\/wp-content\/uploads\/2025\/04\/WhatsApp-Image-2025-04-30-at-20.03.15-768x576.jpeg 768w, https:\/\/asgolfcdi.fr\/wp-content\/uploads\/2025\/04\/WhatsApp-Image-2025-04-30-at-20.03.15-1536x1152.jpeg 1536w, https:\/\/asgolfcdi.fr\/wp-content\/uploads\/2025\/04\/WhatsApp-Image-2025-04-30-at-20.03.15.jpeg 2000w\" sizes=\"auto, (max-width: 1024px) 100vw, 1024px\" \/><\/figure>\n<\/figure>\n<\/div>\n<\/div>\n\n\n\n<p>C\u00f4t\u00e9 gar\u00e7ons, moins de r\u00e9ussite puisqu&rsquo;ils ont termin\u00e9 5\u00e8mes et donc n&rsquo;ont pas r\u00e9ussi \u00e0 se qualifier pour la seconde journ\u00e9e. Mais de beaux r\u00e9sultats tout de m\u00eame sur le magnifique parcours de Vire (\u00e0 noter la victoire de Vire sur son parcours cette fois-ci).<\/p>\n\n\n\n<p>L&rsquo;\u00e9quipe \u00e9tait compos\u00e9e de Laurent, Gilles, Thierry, Fr\u00e9d\u00e9ric, Julien et Cyril.<\/p>\n\n\n\n<figure class=\"wp-block-gallery has-nested-images columns-default is-cropped wp-block-gallery-2 is-layout-flex wp-block-gallery-is-layout-flex\">\n<figure class=\"wp-block-image size-large\"><img loading=\"lazy\" decoding=\"async\" width=\"1024\" height=\"768\" data-id=\"1151\" src=\"https:\/\/asgolfcdi.fr\/wp-content\/uploads\/2025\/04\/bb359835-b5dd-4876-8d9c-31aae903059e-1024x768.jpeg\" alt=\"\" class=\"wp-image-1151\" srcset=\"https:\/\/asgolfcdi.fr\/wp-content\/uploads\/2025\/04\/bb359835-b5dd-4876-8d9c-31aae903059e-1024x768.jpeg 1024w, https:\/\/asgolfcdi.fr\/wp-content\/uploads\/2025\/04\/bb359835-b5dd-4876-8d9c-31aae903059e-300x225.jpeg 300w, https:\/\/asgolfcdi.fr\/wp-content\/uploads\/2025\/04\/bb359835-b5dd-4876-8d9c-31aae903059e-768x576.jpeg 768w, https:\/\/asgolfcdi.fr\/wp-content\/uploads\/2025\/04\/bb359835-b5dd-4876-8d9c-31aae903059e-1536x1152.jpeg 1536w, https:\/\/asgolfcdi.fr\/wp-content\/uploads\/2025\/04\/bb359835-b5dd-4876-8d9c-31aae903059e.jpeg 1600w\" sizes=\"auto, (max-width: 1024px) 100vw, 1024px\" \/><\/figure>\n\n\n\n<figure class=\"wp-block-image size-large\"><img loading=\"lazy\" decoding=\"async\" width=\"768\" height=\"1024\" data-id=\"1156\" src=\"https:\/\/asgolfcdi.fr\/wp-content\/uploads\/2025\/04\/WhatsApp-Image-2025-04-26-at-17.38.10-768x1024.jpeg\" alt=\"\" class=\"wp-image-1156\" srcset=\"https:\/\/asgolfcdi.fr\/wp-content\/uploads\/2025\/04\/WhatsApp-Image-2025-04-26-at-17.38.10-768x1024.jpeg 768w, https:\/\/asgolfcdi.fr\/wp-content\/uploads\/2025\/04\/WhatsApp-Image-2025-04-26-at-17.38.10-225x300.jpeg 225w, https:\/\/asgolfcdi.fr\/wp-content\/uploads\/2025\/04\/WhatsApp-Image-2025-04-26-at-17.38.10-1152x1536.jpeg 1152w, https:\/\/asgolfcdi.fr\/wp-content\/uploads\/2025\/04\/WhatsApp-Image-2025-04-26-at-17.38.10.jpeg 1200w\" sizes=\"auto, (max-width: 768px) 100vw, 768px\" \/><\/figure>\n<\/figure>\n","protected":false},"excerpt":{"rendered":"<p>Le week-end dernier se tenaient deux comp\u00e9titions par \u00e9quipe. Les f\u00e9minines ont r\u00e9ussi une superbe performance puisqu&rsquo;elles montent en 2nde division apr\u00e8s avoir termin\u00e9 deuxi\u00e8mes de la premi\u00e8re journ\u00e9e, derri\u00e8re [&hellip;]<\/p>\n","protected":false},"author":4,"featured_media":1148,"comment_status":"closed","ping_status":"open","sticky":false,"template":"","format":"standard","meta":{"footnotes":""},"categories":[2],"tags":[32,14],"class_list":["post-1147","post","type-post","status-publish","format-standard","has-post-thumbnail","hentry","category-competitions","tag-32","tag-competition"],"_links":{"self":[{"href":"https:\/\/asgolfcdi.fr\/index.php?rest_route=\/wp\/v2\/posts\/1147","targetHints":{"allow":["GET"]}}],"collection":[{"href":"https:\/\/asgolfcdi.fr\/index.php?rest_route=\/wp\/v2\/posts"}],"about":[{"href":"https:\/\/asgolfcdi.fr\/index.php?rest_route=\/wp\/v2\/types\/post"}],"author":[{"embeddable":true,"href":"https:\/\/asgolfcdi.fr\/index.php?rest_route=\/wp\/v2\/users\/4"}],"replies":[{"embeddable":true,"href":"https:\/\/asgolfcdi.fr\/index.php?rest_route=%2Fwp%2Fv2%2Fcomments&post=1147"}],"version-history":[{"count":4,"href":"https:\/\/asgolfcdi.fr\/index.php?rest_route=\/wp\/v2\/posts\/1147\/revisions"}],"predecessor-version":[{"id":1160,"href":"https:\/\/asgolfcdi.fr\/index.php?rest_route=\/wp\/v2\/posts\/1147\/revisions\/1160"}],"wp:featuredmedia":[{"embeddable":true,"href":"https:\/\/asgolfcdi.fr\/index.php?rest_route=\/wp\/v2\/media\/1148"}],"wp:attachment":[{"href":"https:\/\/asgolfcdi.fr\/index.php?rest_route=%2Fwp%2Fv2%2Fmedia&parent=1147"}],"wp:term":[{"taxonomy":"category","embeddable":true,"href":"https:\/\/asgolfcdi.fr\/index.php?rest_route=%2Fwp%2Fv2%2Fcategories&post=1147"},{"taxonomy":"post_tag","embeddable":true,"href":"https:\/\/asgolfcdi.fr\/index.php?rest_route=%2Fwp%2Fv2%2Ftags&post=1147"}],"curies":[{"name":"wp","href":"https:\/\/api.w.org\/{rel}","templated":true}]}}