{"id":13,"date":"2024-02-19T13:37:13","date_gmt":"2024-02-19T12:37:13","guid":{"rendered":"https:\/\/golfcdi.madelainak.fr\/?p=13"},"modified":"2024-02-19T13:37:13","modified_gmt":"2024-02-19T12:37:13","slug":"le-nouveau-comite-de-lassociation","status":"publish","type":"post","link":"https:\/\/asgolfcdi.fr\/?p=13","title":{"rendered":"Le nouveau Comit\u00e9 de l&rsquo;Association"},"content":{"rendered":"\n<p>Suite \u00e0 l&rsquo;\u00e9lection du nouveau comit\u00e9 de l&rsquo;Association Sportive du Golf de la C\u00f4te des Isles du samedi 17 f\u00e9vrier 2024, ce comit\u00e9 a \u00e9lu le bureau conform\u00e9ment aux statuts.<\/p>\n\n\n\n<p>Le&nbsp;r\u00f4le&nbsp;de ce nouveau&nbsp;comit\u00e9&nbsp;concernera l&rsquo;aspect sportif et convivial de notre club, incluant l&rsquo;\u00e9cole de golf. La gestion de l&rsquo;activit\u00e9 commerciale et la pr\u00e9paration du terrain sont dor\u00e9navant la responsabilit\u00e9 d&rsquo;Eco Golf Service (EGS) et de son partenaire Terrains de Sport et Environnement ( TSE).<\/p>\n\n\n\n<p>Membres du comit\u00e9 :<\/p>\n\n\n\n<p>Marie Couppey, Nathalie Dubois, Didier Equilbec, C\u00e9dric Hamel, Loic Ladune, Dominique Leroy, Jean Philippe Madelaine, Viviane Meslin, Michel Meslin, Philippe Neulat, Philippe Pilon, Andr\u00e9-Paul Viel.<\/p>\n\n\n\n<p>Composition du bureau :<\/p>\n\n\n\n<ul class=\"wp-block-list\">\n<li>Pr\u00e9sident : Andr\u00e9-Paul VIEL<\/li>\n\n\n\n<li>Vice-Pr\u00e9sident : Philippe NEULAT<\/li>\n\n\n\n<li>Tr\u00e9sorier : Philippe PILON<\/li>\n\n\n\n<li>Tr\u00e9sori\u00e8re Adjointe : Nathalie DUBOIS<\/li>\n\n\n\n<li>Secr\u00e9taire : Jean-Philippe MADELAINE<\/li>\n\n\n\n<li>Secr\u00e9taire Adjointe : Marie COUPEY<\/li>\n<\/ul>\n\n\n\n<p>Nous vous remercions de la confiance que vous nous avez accord\u00e9e lors du vote et nous reviendrons vers vous r\u00e9guli\u00e8rement pour vous tenir inform\u00e9s de nos projets et de nos actions.&nbsp;<\/p>\n\n\n\n<p>Cordialement,<\/p>\n\n\n\n<p>Le comit\u00e9 de l&rsquo;AS<\/p>\n","protected":false},"excerpt":{"rendered":"<p>Suite \u00e0 l&rsquo;\u00e9lection du nouveau comit\u00e9 de l&rsquo;Association Sportive du Golf de la C\u00f4te des Isles du samedi 17 f\u00e9vrier 2024, ce comit\u00e9 a \u00e9lu le bureau conform\u00e9ment aux statuts. [&hellip;]<\/p>\n","protected":false},"author":4,"featured_media":0,"comment_status":"closed","ping_status":"closed","sticky":false,"template":"","format":"standard","meta":{"footnotes":""},"categories":[4],"tags":[],"class_list":["post-13","post","type-post","status-publish","format-standard","hentry","category-organisation"],"_links":{"self":[{"href":"https:\/\/asgolfcdi.fr\/index.php?rest_route=\/wp\/v2\/posts\/13","targetHints":{"allow":["GET"]}}],"collection":[{"href":"https:\/\/asgolfcdi.fr\/index.php?rest_route=\/wp\/v2\/posts"}],"about":[{"href":"https:\/\/asgolfcdi.fr\/index.php?rest_route=\/wp\/v2\/types\/post"}],"author":[{"embeddable":true,"href":"https:\/\/asgolfcdi.fr\/index.php?rest_route=\/wp\/v2\/users\/4"}],"replies":[{"embeddable":true,"href":"https:\/\/asgolfcdi.fr\/index.php?rest_route=%2Fwp%2Fv2%2Fcomments&post=13"}],"version-history":[{"count":0,"href":"https:\/\/asgolfcdi.fr\/index.php?rest_route=\/wp\/v2\/posts\/13\/revisions"}],"wp:attachment":[{"href":"https:\/\/asgolfcdi.fr\/index.php?rest_route=%2Fwp%2Fv2%2Fmedia&parent=13"}],"wp:term":[{"taxonomy":"category","embeddable":true,"href":"https:\/\/asgolfcdi.fr\/index.php?rest_route=%2Fwp%2Fv2%2Fcategories&post=13"},{"taxonomy":"post_tag","embeddable":true,"href":"https:\/\/asgolfcdi.fr\/index.php?rest_route=%2Fwp%2Fv2%2Ftags&post=13"}],"curies":[{"name":"wp","href":"https:\/\/api.w.org\/{rel}","templated":true}]}}