{"id":631,"date":"2024-05-31T18:15:51","date_gmt":"2024-05-31T16:15:51","guid":{"rendered":"https:\/\/asgolfcdi.fr\/?p=631"},"modified":"2024-06-16T18:17:12","modified_gmt":"2024-06-16T16:17:12","slug":"la-journee-sport-adapte","status":"publish","type":"post","link":"https:\/\/asgolfcdi.fr\/?p=631","title":{"rendered":"La journ\u00e9e Sport Adapt\u00e9"},"content":{"rendered":"\n<p>Le 16 mai dernier, l&rsquo;AS golf a particip\u00e9 pour la premi\u00e8re fois \u00e0 une journ\u00e9e de sport adapt\u00e9, au gymnase de Barneville. Des adultes handicap\u00e9s venus de plusieurs centres de la r\u00e9gion ont d\u00e9couvert et essay\u00e9 diff\u00e9rents sports&nbsp;: karat\u00e9, rameur, hand-ball, marche nordique et pour la premi\u00e8re fois golf.<\/p>\n\n\n\n<p>Chaque activit\u00e9 \u00e9tait organis\u00e9e et g\u00e9r\u00e9e par son association.<\/p>\n\n\n\n<p>Journ\u00e9e riche en \u00e9changes et \u00e9motions, durant laquelle la joie des pratiquants fut la r\u00e9compense des organisateurs.<\/p>\n\n\n\n<p>Rendez vous est d\u00e9j\u00e0 pris pour 2025\u00a0!<\/p>\n\n\n\n<figure class=\"wp-block-gallery has-nested-images columns-default is-cropped wp-block-gallery-1 is-layout-flex wp-block-gallery-is-layout-flex\">\n<figure class=\"wp-block-image size-large\"><img loading=\"lazy\" decoding=\"async\" width=\"1024\" height=\"768\" data-id=\"635\" src=\"https:\/\/asgolfcdi.fr\/wp-content\/uploads\/2024\/06\/IMG_0225-1024x768.jpg\" alt=\"\" class=\"wp-image-635\" srcset=\"https:\/\/asgolfcdi.fr\/wp-content\/uploads\/2024\/06\/IMG_0225-1024x768.jpg 1024w, https:\/\/asgolfcdi.fr\/wp-content\/uploads\/2024\/06\/IMG_0225-300x225.jpg 300w, https:\/\/asgolfcdi.fr\/wp-content\/uploads\/2024\/06\/IMG_0225-768x576.jpg 768w, https:\/\/asgolfcdi.fr\/wp-content\/uploads\/2024\/06\/IMG_0225-1536x1152.jpg 1536w, https:\/\/asgolfcdi.fr\/wp-content\/uploads\/2024\/06\/IMG_0225.jpg 2000w\" sizes=\"auto, (max-width: 1024px) 100vw, 1024px\" \/><\/figure>\n\n\n\n<figure class=\"wp-block-image size-large\"><img loading=\"lazy\" decoding=\"async\" width=\"768\" height=\"1024\" data-id=\"633\" src=\"https:\/\/asgolfcdi.fr\/wp-content\/uploads\/2024\/06\/IMG_0224-768x1024.jpg\" alt=\"\" class=\"wp-image-633\" srcset=\"https:\/\/asgolfcdi.fr\/wp-content\/uploads\/2024\/06\/IMG_0224-768x1024.jpg 768w, https:\/\/asgolfcdi.fr\/wp-content\/uploads\/2024\/06\/IMG_0224-225x300.jpg 225w, https:\/\/asgolfcdi.fr\/wp-content\/uploads\/2024\/06\/IMG_0224-1152x1536.jpg 1152w, https:\/\/asgolfcdi.fr\/wp-content\/uploads\/2024\/06\/IMG_0224.jpg 1500w\" sizes=\"auto, (max-width: 768px) 100vw, 768px\" \/><\/figure>\n<\/figure>\n","protected":false},"excerpt":{"rendered":"<p>Le 16 mai dernier, l&rsquo;AS golf a particip\u00e9 pour la premi\u00e8re fois \u00e0 une journ\u00e9e de sport adapt\u00e9, au gymnase de Barneville. Des adultes handicap\u00e9s venus de plusieurs centres de [&hellip;]<\/p>\n","protected":false},"author":4,"featured_media":0,"comment_status":"closed","ping_status":"open","sticky":false,"template":"","format":"standard","meta":{"footnotes":""},"categories":[12],"tags":[],"class_list":["post-631","post","type-post","status-publish","format-standard","hentry","category-infos"],"_links":{"self":[{"href":"https:\/\/asgolfcdi.fr\/index.php?rest_route=\/wp\/v2\/posts\/631","targetHints":{"allow":["GET"]}}],"collection":[{"href":"https:\/\/asgolfcdi.fr\/index.php?rest_route=\/wp\/v2\/posts"}],"about":[{"href":"https:\/\/asgolfcdi.fr\/index.php?rest_route=\/wp\/v2\/types\/post"}],"author":[{"embeddable":true,"href":"https:\/\/asgolfcdi.fr\/index.php?rest_route=\/wp\/v2\/users\/4"}],"replies":[{"embeddable":true,"href":"https:\/\/asgolfcdi.fr\/index.php?rest_route=%2Fwp%2Fv2%2Fcomments&post=631"}],"version-history":[{"count":4,"href":"https:\/\/asgolfcdi.fr\/index.php?rest_route=\/wp\/v2\/posts\/631\/revisions"}],"predecessor-version":[{"id":637,"href":"https:\/\/asgolfcdi.fr\/index.php?rest_route=\/wp\/v2\/posts\/631\/revisions\/637"}],"wp:attachment":[{"href":"https:\/\/asgolfcdi.fr\/index.php?rest_route=%2Fwp%2Fv2%2Fmedia&parent=631"}],"wp:term":[{"taxonomy":"category","embeddable":true,"href":"https:\/\/asgolfcdi.fr\/index.php?rest_route=%2Fwp%2Fv2%2Fcategories&post=631"},{"taxonomy":"post_tag","embeddable":true,"href":"https:\/\/asgolfcdi.fr\/index.php?rest_route=%2Fwp%2Fv2%2Ftags&post=631"}],"curies":[{"name":"wp","href":"https:\/\/api.w.org\/{rel}","templated":true}]}}