{"id":648,"date":"2024-06-23T15:56:20","date_gmt":"2024-06-23T13:56:20","guid":{"rendered":"https:\/\/asgolfcdi.fr\/?p=648"},"modified":"2024-06-23T15:58:00","modified_gmt":"2024-06-23T13:58:00","slug":"pierre-champion-de-la-manche-en-u14","status":"publish","type":"post","link":"https:\/\/asgolfcdi.fr\/?p=648","title":{"rendered":"Pierre, champion de La Manche en U14"},"content":{"rendered":"\n<p>Pierre Engels a particip\u00e9 ce samedi 22 juin \u00e0 la comp\u00e9tition du Cr\u00e9dit Mutuel U14 \u00e0 Coutainville, qui \u00e9tait aussi la finale d\u00e9partementale 2024 du Cr\u00e9dit mutuel organis\u00e9e par le CDG50 (Comit\u00e9 d\u00e9partementale de golf)<br>Apr\u00e8s avoir perform\u00e9 (1er des U14G) \u00e0 l\u2019\u00e9tape du 8 juin \u00e0 la C\u00f4te Des Isles avec un 42 net stableford (86 en stroke play score maximum, par 67), aujourd\u2019hui 1er des U14G avec un 45 en net stableford (90 en stroke play score maximum, par 68 \u00e0 Coutainville).<br>Son index passe de 32,4 \u00e0 28,9 en 2 comp\u00e9titions.<br>Il est <strong>champion de la Manche 2024<\/strong> dans sa cat\u00e9gorie d&rsquo;\u00e2ge.<br>Pierre participera \u00e0 la finale Interd\u00e9partementale de la ligue de Normandie 2024 \u00e0 CAEN LA MER le 3 novembre 2024 pour repr\u00e9senter le d\u00e9partement de la Manche en U14G.<\/p>\n\n\n\n<figure class=\"wp-block-image size-large is-resized\"><img loading=\"lazy\" decoding=\"async\" width=\"768\" height=\"1024\" src=\"https:\/\/asgolfcdi.fr\/wp-content\/uploads\/2024\/06\/20240622_Pierre_Coutainville-768x1024.jpg\" alt=\"\" class=\"wp-image-650\" style=\"width:278px;height:auto\" srcset=\"https:\/\/asgolfcdi.fr\/wp-content\/uploads\/2024\/06\/20240622_Pierre_Coutainville-768x1024.jpg 768w, https:\/\/asgolfcdi.fr\/wp-content\/uploads\/2024\/06\/20240622_Pierre_Coutainville-225x300.jpg 225w, https:\/\/asgolfcdi.fr\/wp-content\/uploads\/2024\/06\/20240622_Pierre_Coutainville-1152x1536.jpg 1152w, https:\/\/asgolfcdi.fr\/wp-content\/uploads\/2024\/06\/20240622_Pierre_Coutainville-1536x2048.jpg 1536w, https:\/\/asgolfcdi.fr\/wp-content\/uploads\/2024\/06\/20240622_Pierre_Coutainville-scaled.jpg 1920w\" sizes=\"auto, (max-width: 768px) 100vw, 768px\" \/><\/figure>\n","protected":false},"excerpt":{"rendered":"<p>Pierre Engels a particip\u00e9 ce samedi 22 juin \u00e0 la comp\u00e9tition du Cr\u00e9dit Mutuel U14 \u00e0 Coutainville, qui \u00e9tait aussi la finale d\u00e9partementale 2024 du Cr\u00e9dit mutuel organis\u00e9e par le [&hellip;]<\/p>\n","protected":false},"author":5,"featured_media":0,"comment_status":"closed","ping_status":"open","sticky":false,"template":"","format":"standard","meta":{"footnotes":""},"categories":[17],"tags":[16,23,22,24],"class_list":["post-648","post","type-post","status-publish","format-standard","hentry","category-resultats","tag-16","tag-champion-de-la-manche","tag-juin","tag-u14g"],"_links":{"self":[{"href":"https:\/\/asgolfcdi.fr\/index.php?rest_route=\/wp\/v2\/posts\/648","targetHints":{"allow":["GET"]}}],"collection":[{"href":"https:\/\/asgolfcdi.fr\/index.php?rest_route=\/wp\/v2\/posts"}],"about":[{"href":"https:\/\/asgolfcdi.fr\/index.php?rest_route=\/wp\/v2\/types\/post"}],"author":[{"embeddable":true,"href":"https:\/\/asgolfcdi.fr\/index.php?rest_route=\/wp\/v2\/users\/5"}],"replies":[{"embeddable":true,"href":"https:\/\/asgolfcdi.fr\/index.php?rest_route=%2Fwp%2Fv2%2Fcomments&post=648"}],"version-history":[{"count":3,"href":"https:\/\/asgolfcdi.fr\/index.php?rest_route=\/wp\/v2\/posts\/648\/revisions"}],"predecessor-version":[{"id":652,"href":"https:\/\/asgolfcdi.fr\/index.php?rest_route=\/wp\/v2\/posts\/648\/revisions\/652"}],"wp:attachment":[{"href":"https:\/\/asgolfcdi.fr\/index.php?rest_route=%2Fwp%2Fv2%2Fmedia&parent=648"}],"wp:term":[{"taxonomy":"category","embeddable":true,"href":"https:\/\/asgolfcdi.fr\/index.php?rest_route=%2Fwp%2Fv2%2Fcategories&post=648"},{"taxonomy":"post_tag","embeddable":true,"href":"https:\/\/asgolfcdi.fr\/index.php?rest_route=%2Fwp%2Fv2%2Ftags&post=648"}],"curies":[{"name":"wp","href":"https:\/\/api.w.org\/{rel}","templated":true}]}}