{"id":830,"date":"2024-09-23T09:39:00","date_gmt":"2024-09-23T07:39:00","guid":{"rendered":"https:\/\/asgolfcdi.fr\/?p=830"},"modified":"2024-11-01T15:07:27","modified_gmt":"2024-11-01T14:07:27","slug":"portes-ouvertes-de-lecole-de-golf","status":"publish","type":"post","link":"https:\/\/asgolfcdi.fr\/?p=830","title":{"rendered":"Portes ouvertes de l&rsquo;\u00e9cole de golf"},"content":{"rendered":"\n<p>Le samedi apr\u00e8s midi 21 septembre, avaient lieu les portes ouvertes de l\u2019\u00e9cole du golf de la C\u00f4te des Isles.<br>Fr\u00e9d\u00e9ric Monmarch\u00e9, le pro du club avait pr\u00e9par\u00e9 plusieurs ateliers d\u00e9di\u00e9s au petit jeu, aux approches ainsi que des entrainements au grand jeu sur le practice.<br>Pour accueillir au mieux ce jeune public, il \u00e9tait aid\u00e9 de plusieurs b\u00e9n\u00e9voles de l\u2019Association Sportive.<br>Les enfants pr\u00e9sents se sont beaucoup investis et ont appr\u00e9ci\u00e9 cette d\u00e9couverte ludique du golf. En r\u00e9compense, chacun est reparti avec un petit lot apr\u00e8s avoir partag\u00e9 un go\u00fbter.<br>Rappelons que les cours ont lieu chaque samedi matin des p\u00e9riodes scolaires.<br>Chaque enfant inscrit b\u00e9n\u00e9ficie du libre acc\u00e8s \u00e0 toutes les installations sportives, du pr\u00eat de mat\u00e9riel, de la licence gratuite et de l\u2019acc\u00e8s accompagn\u00e9 au parcours pour la somme de 130 euros pour toute l\u2019ann\u00e9e scolaire.<br>Pour tous renseignements : t\u00e9l : 02 33 87 31 10.<\/p>\n\n\n\n<figure class=\"wp-block-image size-full\"><img loading=\"lazy\" decoding=\"async\" width=\"675\" height=\"682\" src=\"https:\/\/asgolfcdi.fr\/wp-content\/uploads\/2024\/09\/20240921_ecole_01.jpg\" alt=\"\" class=\"wp-image-831\" srcset=\"https:\/\/asgolfcdi.fr\/wp-content\/uploads\/2024\/09\/20240921_ecole_01.jpg 675w, https:\/\/asgolfcdi.fr\/wp-content\/uploads\/2024\/09\/20240921_ecole_01-297x300.jpg 297w\" sizes=\"auto, (max-width: 675px) 100vw, 675px\" \/><\/figure>\n\n\n\n<figure class=\"wp-block-image size-full\"><img loading=\"lazy\" decoding=\"async\" width=\"662\" height=\"602\" src=\"https:\/\/asgolfcdi.fr\/wp-content\/uploads\/2024\/09\/20240921_ecole_02.jpg\" alt=\"\" class=\"wp-image-832\" srcset=\"https:\/\/asgolfcdi.fr\/wp-content\/uploads\/2024\/09\/20240921_ecole_02.jpg 662w, https:\/\/asgolfcdi.fr\/wp-content\/uploads\/2024\/09\/20240921_ecole_02-300x273.jpg 300w\" sizes=\"auto, (max-width: 662px) 100vw, 662px\" \/><\/figure>\n\n\n\n<figure class=\"wp-block-image size-full\"><img loading=\"lazy\" decoding=\"async\" width=\"672\" height=\"881\" src=\"https:\/\/asgolfcdi.fr\/wp-content\/uploads\/2024\/09\/20240921_ecole_03.jpg\" alt=\"\" class=\"wp-image-833\" srcset=\"https:\/\/asgolfcdi.fr\/wp-content\/uploads\/2024\/09\/20240921_ecole_03.jpg 672w, https:\/\/asgolfcdi.fr\/wp-content\/uploads\/2024\/09\/20240921_ecole_03-229x300.jpg 229w\" sizes=\"auto, (max-width: 672px) 100vw, 672px\" \/><\/figure>\n","protected":false},"excerpt":{"rendered":"<p>Le samedi apr\u00e8s midi 21 septembre, avaient lieu les portes ouvertes de l\u2019\u00e9cole du golf de la C\u00f4te des Isles.Fr\u00e9d\u00e9ric Monmarch\u00e9, le pro du club avait pr\u00e9par\u00e9 plusieurs ateliers d\u00e9di\u00e9s [&hellip;]<\/p>\n","protected":false},"author":5,"featured_media":831,"comment_status":"closed","ping_status":"open","sticky":false,"template":"","format":"standard","meta":{"footnotes":""},"categories":[12],"tags":[16,27],"class_list":["post-830","post","type-post","status-publish","format-standard","has-post-thumbnail","hentry","category-infos","tag-16","tag-ecole-de-golf"],"_links":{"self":[{"href":"https:\/\/asgolfcdi.fr\/index.php?rest_route=\/wp\/v2\/posts\/830","targetHints":{"allow":["GET"]}}],"collection":[{"href":"https:\/\/asgolfcdi.fr\/index.php?rest_route=\/wp\/v2\/posts"}],"about":[{"href":"https:\/\/asgolfcdi.fr\/index.php?rest_route=\/wp\/v2\/types\/post"}],"author":[{"embeddable":true,"href":"https:\/\/asgolfcdi.fr\/index.php?rest_route=\/wp\/v2\/users\/5"}],"replies":[{"embeddable":true,"href":"https:\/\/asgolfcdi.fr\/index.php?rest_route=%2Fwp%2Fv2%2Fcomments&post=830"}],"version-history":[{"count":1,"href":"https:\/\/asgolfcdi.fr\/index.php?rest_route=\/wp\/v2\/posts\/830\/revisions"}],"predecessor-version":[{"id":834,"href":"https:\/\/asgolfcdi.fr\/index.php?rest_route=\/wp\/v2\/posts\/830\/revisions\/834"}],"wp:featuredmedia":[{"embeddable":true,"href":"https:\/\/asgolfcdi.fr\/index.php?rest_route=\/wp\/v2\/media\/831"}],"wp:attachment":[{"href":"https:\/\/asgolfcdi.fr\/index.php?rest_route=%2Fwp%2Fv2%2Fmedia&parent=830"}],"wp:term":[{"taxonomy":"category","embeddable":true,"href":"https:\/\/asgolfcdi.fr\/index.php?rest_route=%2Fwp%2Fv2%2Fcategories&post=830"},{"taxonomy":"post_tag","embeddable":true,"href":"https:\/\/asgolfcdi.fr\/index.php?rest_route=%2Fwp%2Fv2%2Ftags&post=830"}],"curies":[{"name":"wp","href":"https:\/\/api.w.org\/{rel}","templated":true}]}}